{"id":3353,"date":"2024-01-10T01:46:46","date_gmt":"2024-01-10T01:46:46","guid":{"rendered":"https:\/\/www.depilarte.co\/peru_nueva\/?p=3353"},"modified":"2024-12-10T18:53:20","modified_gmt":"2024-12-10T18:53:20","slug":"el-polo","status":"publish","type":"post","link":"https:\/\/www.depilarte.co\/peru\/centros\/surco\/el-polo\/","title":{"rendered":"Depilarte El Polo, Depilacion Laser AFT"},"content":{"rendered":"<p>[et_pb_section fb_built=\u00bb1&#8243; admin_label=\u00bbHero Section\u00bb _builder_version=\u00bb4.22.2&#8243; background_enable_color=\u00bboff\u00bb use_background_color_gradient=\u00bbon\u00bb background_color_gradient_direction=\u00bb131deg\u00bb background_color_gradient_stops=\u00bb#f4008f 0%|#ff99ac 100%\u00bb background_color_gradient_start=\u00bb#ff6a88&#8243; background_color_gradient_end=\u00bb#ff99ac\u00bb custom_padding=\u00bb80px|0px|23px|0px||\u00bb animation_direction=\u00bbtop\u00bb box_shadow_style=\u00bbpreset7&#8243; box_shadow_horizontal=\u00bb0px\u00bb box_shadow_vertical=\u00bb-200px\u00bb box_shadow_color=\u00bb#ffffff\u00bb locked=\u00bboff\u00bb global_colors_info=\u00bb{}\u00bb][et_pb_row _builder_version=\u00bb4.25.1&#8243; background_size=\u00bbinitial\u00bb background_position=\u00bbtop_left\u00bb background_repeat=\u00bbrepeat\u00bb custom_padding=\u00bb|||\u00bb custom_width_px=\u00bb1440px\u00bb global_colors_info=\u00bb{}\u00bb][et_pb_column type=\u00bb4_4&#8243; _builder_version=\u00bb4.16&#8243; custom_padding=\u00bb|||\u00bb global_colors_info=\u00bb{}\u00bb custom_padding__hover=\u00bb|||\u00bb][et_pb_text _builder_version=\u00bb4.23.4&#8243; text_font=\u00bb||||||||\u00bb header_font=\u00bbInter|700|||||||\u00bb header_text_color=\u00bb#ffffff\u00bb header_font_size=\u00bb44px\u00bb header_line_height=\u00bb1.5em\u00bb header_2_font=\u00bb||||||||\u00bb header_3_font=\u00bb||||||||\u00bb header_4_font=\u00bb||||||||\u00bb header_5_font=\u00bb||||||||\u00bb header_6_font=\u00bb||||||||\u00bb background_size=\u00bbinitial\u00bb background_position=\u00bbtop_left\u00bb background_repeat=\u00bbrepeat\u00bb text_orientation=\u00bbcenter\u00bb module_alignment=\u00bbcenter\u00bb custom_margin=\u00bb-80px||20px||false|false\u00bb locked=\u00bboff\u00bb global_colors_info=\u00bb{}\u00bb]<\/p>\n<h1>Depilarte<br \/>El Polo<\/h1>\n<p>[\/et_pb_text][et_pb_divider color=\u00bb#f7d584&#8243; divider_weight=\u00bb3px\u00bb disabled_on=\u00bbon|on|off\u00bb _builder_version=\u00bb4.22.2&#8243; max_width=\u00bb80px\u00bb module_alignment=\u00bbcenter\u00bb height=\u00bb10px\u00bb custom_margin=\u00bb||20px|\u00bb animation_style=\u00bbslide\u00bb animation_direction=\u00bbbottom\u00bb saved_tabs=\u00bball\u00bb locked=\u00bboff\u00bb global_colors_info=\u00bb{}\u00bb][\/et_pb_divider][et_pb_text _builder_version=\u00bb4.23.4&#8243; text_font=\u00bbPoppins||||||||\u00bb text_text_color=\u00bbrgba(255,255,255,0.8)\u00bb text_font_size=\u00bb18px\u00bb text_line_height=\u00bb1.8em\u00bb header_font=\u00bb||||||||\u00bb text_orientation=\u00bbcenter\u00bb max_width=\u00bb600px\u00bb module_alignment=\u00bbcenter\u00bb custom_margin_tablet=\u00bb\u00bb custom_margin_phone=\u00bb-25px||54px||false|false\u00bb custom_margin_last_edited=\u00bbon|phone\u00bb custom_padding_tablet=\u00bb\u00bb custom_padding_phone=\u00bb0px||||false|false\u00bb custom_padding_last_edited=\u00bbon|phone\u00bb locked=\u00bboff\u00bb global_colors_info=\u00bb{}\u00bb]<\/p>\n<p>Disfruta de lo mejor de la depilaci\u00f3n l\u00e1ser en Santiado de Surco con tecnolog\u00eda AFT<\/p>\n<p>[\/et_pb_text][\/et_pb_column][\/et_pb_row][et_pb_row use_custom_gutter=\u00bbon\u00bb gutter_width=\u00bb2&#8243; _builder_version=\u00bb4.22.2&#8243; max_width=\u00bb1440px\u00bb custom_padding=\u00bb0px|0px|27px|0px|false|false\u00bb use_custom_width=\u00bbon\u00bb custom_width_px=\u00bb1440px\u00bb global_colors_info=\u00bb{}\u00bb][et_pb_column type=\u00bb4_4&#8243; _builder_version=\u00bb4.16&#8243; custom_padding=\u00bb|||\u00bb global_colors_info=\u00bb{}\u00bb custom_padding__hover=\u00bb|||\u00bb][et_pb_text _builder_version=\u00bb4.23.4&#8243; text_font=\u00bbPoppins||||||||\u00bb text_text_color=\u00bbrgba(0,0,0,0.4)\u00bb text_font_size=\u00bb16px\u00bb text_line_height=\u00bb1.9em\u00bb header_font=\u00bb||||||||\u00bb header_2_font=\u00bb||||||||\u00bb header_3_font=\u00bbPlayfair Display|700||on|||||\u00bb header_3_text_color=\u00bb#ff9f3f\u00bb header_3_letter_spacing=\u00bb3px\u00bb header_3_line_height=\u00bb1.5em\u00bb header_4_font=\u00bb||||||||\u00bb background_color=\u00bb#ffffff\u00bb text_orientation=\u00bbcenter\u00bb module_alignment=\u00bbleft\u00bb custom_margin=\u00bb-70px||41px||false|false\u00bb custom_padding=\u00bb34px|30px|35px|30px|false|false\u00bb animation_style=\u00bbslide\u00bb animation_direction=\u00bbbottom\u00bb animation_intensity_slide=\u00bb10%\u00bb animation_starting_opacity=\u00bb100%\u00bb box_shadow_style=\u00bbpreset1&#8243; box_shadow_vertical=\u00bb10px\u00bb box_shadow_blur=\u00bb100px\u00bb box_shadow_color=\u00bbrgba(0,0,0,0.2)\u00bb global_colors_info=\u00bb{}\u00bb]<\/p>\n<p>Encuentranos en la Av. El Polo 670 tienda A203, CC El Polo II<br \/><a href=\"tel:+923917808\">\u00a1Ll\u00e1manos al 923917808!<\/a><\/p>\n<p>[\/et_pb_text][\/et_pb_column][\/et_pb_row][\/et_pb_section][et_pb_section fb_built=\u00bb1&#8243; admin_label=\u00bbTexto Centro\u00bb _builder_version=\u00bb4.23.1&#8243; _module_preset=\u00bbdefault\u00bb custom_margin=\u00bb-40px||||false|false\u00bb custom_padding=\u00bb0px||0px||false|false\u00bb global_colors_info=\u00bb{}\u00bb][et_pb_row _builder_version=\u00bb4.22.2&#8243; _module_preset=\u00bbdefault\u00bb custom_padding=\u00bb18px||18px|||\u00bb global_colors_info=\u00bb{}\u00bb][et_pb_column type=\u00bb4_4&#8243; _builder_version=\u00bb4.22.2&#8243; _module_preset=\u00bbdefault\u00bb global_colors_info=\u00bb{}\u00bb][et_pb_text _builder_version=\u00bb4.25.1&#8243; text_font=\u00bbPoppins||||||||\u00bb text_text_color=\u00bbrgba(0,0,0,0.4)\u00bb text_font_size=\u00bb16px\u00bb text_line_height=\u00bb1.9em\u00bb header_font=\u00bb||||||||\u00bb header_2_font=\u00bb||||||||\u00bb module_alignment=\u00bbcenter\u00bb custom_margin=\u00bb||30px|\u00bb locked=\u00bboff\u00bb global_colors_info=\u00bb{}\u00bb]<\/p>\n<h2 style=\"text-align: center;\">\u00a0Conoce m\u00e1s acerca de Depilarte El Polo<\/h2>\n<p style=\"text-align: center;\">Disfruta de la mejor depilaci\u00f3n l\u00e1ser en Santiago de Surco con tecnolog\u00eda AFT en Depilarte El Polo. Nuestro centro se une a la red de franquicias Depilarte con presencia en 6 paises con mas de 95 centros especializados.<\/p>\n<p style=\"text-align: center;\">En Depilarte El Polo adem\u00e1s de poder encontrar lo mejor en depilaci\u00f3n l\u00e1ser en Santiago de Surco, con nuestra tecnolog\u00eda AFT puedes tener tu piel siempre linda para cualquier ocasi\u00f3n. Podr\u00e1s disfrutar de rejuvenecimiento facial, desvanecimiento de manchas y acne leve.<\/p>\n<p style=\"text-align: center;\">Nuestros tratamientos los puedes disfrutar con nuestra <a href=\"https:\/\/www.depilarte.co\/peru\/tarifas-depilacion-laser-aft\/\">tarifa desde S\/49<\/a>. Nuestras puertas est\u00e1n abiertas para que tu piel est\u00e9 siempre linda. Puedes reservar tu cita con una llamada, un mensaje privado o un WhatsApp. Te esperamos en el C.C. El Polo para que disfrutes de la mejor depilaci\u00f3n l\u00e1ser en Santiago de Surco.<\/p>\n<p>[\/et_pb_text][\/et_pb_column][\/et_pb_row][\/et_pb_section][et_pb_section fb_built=\u00bb1&#8243; custom_padding_last_edited=\u00bbon|phone\u00bb _builder_version=\u00bb4.23.1&#8243; _module_preset=\u00bbdefault\u00bb custom_margin=\u00bb||2px|||\u00bb custom_margin_tablet=\u00bb||2px|||\u00bb custom_margin_phone=\u00bb-40px||||false|false\u00bb custom_margin_last_edited=\u00bbon|phone\u00bb custom_padding=\u00bb30px||4px||false|false\u00bb custom_padding_tablet=\u00bb0px||4px|||\u00bb custom_padding_phone=\u00bb0px||4px|||\u00bb global_colors_info=\u00bb{}\u00bb][et_pb_row column_structure=\u00bb1_2,1_2&#8243; _builder_version=\u00bb4.22.2&#8243; _module_preset=\u00bbdefault\u00bb custom_margin=\u00bb0px||||false|false\u00bb custom_padding=\u00bb0px||51px||false|false\u00bb global_colors_info=\u00bb{}\u00bb][et_pb_column type=\u00bb1_2&#8243; _builder_version=\u00bb4.22.2&#8243; _module_preset=\u00bbdefault\u00bb global_colors_info=\u00bb{}\u00bb][et_pb_text _builder_version=\u00bb4.23.1&#8243; text_font=\u00bbPoppins||||||||\u00bb text_text_color=\u00bbrgba(0,0,0,0.4)\u00bb text_font_size=\u00bb16px\u00bb text_line_height=\u00bb1.9em\u00bb header_font=\u00bb||||||||\u00bb header_2_font=\u00bb||||||||\u00bb text_orientation=\u00bbcenter\u00bb max_width=\u00bb700px\u00bb module_alignment=\u00bbcenter\u00bb custom_padding=\u00bb0px||15px||false|false\u00bb locked=\u00bboff\u00bb global_colors_info=\u00bb{}\u00bb]<\/p>\n<p>Descubre Nuestra Ubicaci\u00f3n en el Mapa<\/p>\n<p>[\/et_pb_text][dsm_embed_google_map address=\u00bbDepilarte el polo peru\u00bb _builder_version=\u00bb4.23.4&#8243; _module_preset=\u00bbdefault\u00bb box_shadow_style=\u00bbpreset1&#8243; locked=\u00bboff\u00bb global_colors_info=\u00bb{}\u00bb][\/dsm_embed_google_map][\/et_pb_column][et_pb_column type=\u00bb1_2&#8243; _builder_version=\u00bb4.22.2&#8243; _module_preset=\u00bbdefault\u00bb global_colors_info=\u00bb{}\u00bb][et_pb_text _builder_version=\u00bb4.23.1&#8243; text_font=\u00bbPoppins||||||||\u00bb text_text_color=\u00bbrgba(0,0,0,0.4)\u00bb text_font_size=\u00bb16px\u00bb text_line_height=\u00bb1.9em\u00bb header_font=\u00bb||||||||\u00bb header_2_font=\u00bb||||||||\u00bb text_orientation=\u00bbcenter\u00bb max_width=\u00bb700px\u00bb module_alignment=\u00bbcenter\u00bb custom_padding=\u00bb0px||15px||false|false\u00bb locked=\u00bboff\u00bb global_colors_info=\u00bb{}\u00bb]Horario de Atenci\u00f3n[\/et_pb_text][dsm_business_hours divider_style=\u00bbsolid\u00bb divider_color=\u00bb#888888&#8243; _builder_version=\u00bb4.23.4&#8243; _module_preset=\u00bbdefault\u00bb text_line_height=\u00bb2.5em\u00bb custom_padding=\u00bb30px|30px|30px|30px|true|true\u00bb box_shadow_style=\u00bbpreset1&#8243; global_colors_info=\u00bb{}\u00bb][dsm_business_hours_child time=\u00bb8:00 AM -7:00 PM\u00bb title=\u00bbLunes\u00bb _builder_version=\u00bb4.23.4&#8243; _module_preset=\u00bbdefault\u00bb global_colors_info=\u00bb{}\u00bb][\/dsm_business_hours_child][dsm_business_hours_child time=\u00bb8:00 AM -7:00 PM\u00bb title=\u00bbMartes\u00bb _builder_version=\u00bb4.23.4&#8243; _module_preset=\u00bbdefault\u00bb background_color=\u00bbrgba(121,180,30,0.16)\u00bb background_enable_color=\u00bbon\u00bb global_colors_info=\u00bb{}\u00bb][\/dsm_business_hours_child][dsm_business_hours_child time=\u00bb8:00 AM -7:00 PM\u00bb title=\u00bbMiercoles\u00bb _builder_version=\u00bb4.23.4&#8243; _module_preset=\u00bbdefault\u00bb global_colors_info=\u00bb{}\u00bb][\/dsm_business_hours_child][dsm_business_hours_child time=\u00bb8:00 AM -7:00 PM\u00bb title=\u00bbJueves\u00bb _builder_version=\u00bb4.23.4&#8243; _module_preset=\u00bbdefault\u00bb background_color=\u00bbrgba(121,180,30,0.16)\u00bb background_enable_color=\u00bbon\u00bb global_colors_info=\u00bb{}\u00bb][\/dsm_business_hours_child][dsm_business_hours_child time=\u00bb8:00 AM -7:00 PM\u00bb title=\u00bbViernes\u00bb _builder_version=\u00bb4.23.4&#8243; _module_preset=\u00bbdefault\u00bb global_colors_info=\u00bb{}\u00bb][\/dsm_business_hours_child][dsm_business_hours_child time=\u00bb8:00 AM -7:00 PM\u00bb title=\u00bbSabado\u00bb _builder_version=\u00bb4.23.4&#8243; _module_preset=\u00bbdefault\u00bb background_color=\u00bbrgba(121,180,30,0.16)\u00bb background_enable_color=\u00bbon\u00bb global_colors_info=\u00bb{}\u00bb][\/dsm_business_hours_child][dsm_business_hours_child time=\u00bbCerrado\u00bb title=\u00bbDomingo\u00bb _builder_version=\u00bb4.23.4&#8243; _module_preset=\u00bbdefault\u00bb time_text_color=\u00bb#f20028&#8243; global_colors_info=\u00bb{}\u00bb][\/dsm_business_hours_child][\/dsm_business_hours][\/et_pb_column][\/et_pb_row][\/et_pb_section][et_pb_section fb_built=\u00bb1&#8243; _builder_version=\u00bb4.22.2&#8243; _module_preset=\u00bbdefault\u00bb custom_margin=\u00bb-24px||-6px|||\u00bb custom_padding=\u00bb||3px|||\u00bb global_colors_info=\u00bb{}\u00bb][et_pb_row _builder_version=\u00bb4.22.2&#8243; _module_preset=\u00bbdefault\u00bb custom_margin=\u00bb-27px|auto||auto||\u00bb custom_padding=\u00bb0px||0px||false|false\u00bb global_colors_info=\u00bb{}\u00bb][et_pb_column type=\u00bb4_4&#8243; _builder_version=\u00bb4.22.2&#8243; _module_preset=\u00bbdefault\u00bb global_colors_info=\u00bb{}\u00bb][dsm_masonry_gallery gallery_ids=\u00bb3896,3897,3898,3899&#8243; columns=\u00bb2&#8243; use_lightbox=\u00bbon\u00bb use_horizontal_order=\u00bboff\u00bb columns_tablet=\u00bb2&#8243; columns_phone=\u00bb1&#8243; columns_last_edited=\u00bbon|desktop\u00bb _builder_version=\u00bb4.25.1&#8243; _module_preset=\u00bbdefault\u00bb custom_margin=\u00bb||-16px|||\u00bb global_colors_info=\u00bb{}\u00bb][\/dsm_masonry_gallery][\/et_pb_column][\/et_pb_row][\/et_pb_section][et_pb_section fb_built=\u00bb1&#8243; admin_label=\u00bbFormulario Centro\u00bb _builder_version=\u00bb4.23.1&#8243; custom_margin=\u00bb||7px|||\u00bb custom_padding=\u00bb35px||7px|||\u00bb global_colors_info=\u00bb{}\u00bb][et_pb_row custom_padding_last_edited=\u00bbon|phone\u00bb _builder_version=\u00bb4.23.1&#8243; _module_preset=\u00bbdefault\u00bb custom_margin_tablet=\u00bb\u00bb custom_margin_phone=\u00bb\u00bb custom_margin_last_edited=\u00bbon|desktop\u00bb custom_padding=\u00bb50px||60px||false|false\u00bb custom_padding_tablet=\u00bb50px||60px||false|false\u00bb custom_padding_phone=\u00bb13px||40px||false|false\u00bb global_colors_info=\u00bb{}\u00bb][et_pb_column type=\u00bb4_4&#8243; _builder_version=\u00bb4.23.1&#8243; _module_preset=\u00bbdefault\u00bb global_colors_info=\u00bb{}\u00bb][et_pb_text _builder_version=\u00bb4.23.1&#8243; header_font=\u00bb||||||||\u00bb header_font_size=\u00bb40px\u00bb header_3_font=\u00bbPlayfair Display|700|||||||\u00bb header_3_text_color=\u00bb#2b2b2b\u00bb header_3_font_size=\u00bb28px\u00bb header_3_line_height=\u00bb1.5em\u00bb custom_margin=\u00bb-50px||-5px||false|false\u00bb custom_margin_tablet=\u00bb-60px||0px||false|false\u00bb custom_margin_phone=\u00bb-20px||10px||false|false\u00bb custom_margin_last_edited=\u00bbon|desktop\u00bb header_font_size_tablet=\u00bb40px\u00bb header_font_size_phone=\u00bb25px\u00bb header_font_size_last_edited=\u00bbon|phone\u00bb locked=\u00bboff\u00bb global_colors_info=\u00bb{}\u00bb]<\/p>\n<h1 style=\"text-align: center;\">Contacto<\/h1>\n<p>[\/et_pb_text][et_pb_text _builder_version=\u00bb4.23.4&#8243; text_font=\u00bbPoppins||||||||\u00bb text_text_color=\u00bbrgba(0,0,0,0.4)\u00bb text_font_size=\u00bb16px\u00bb text_line_height=\u00bb1.9em\u00bb header_font=\u00bb||||||||\u00bb header_2_font=\u00bb||||||||\u00bb text_orientation=\u00bbcenter\u00bb max_width=\u00bb700px\u00bb module_alignment=\u00bbcenter\u00bb custom_padding=\u00bb||20px||false|false\u00bb locked=\u00bboff\u00bb global_colors_info=\u00bb{}\u00bb]<\/p>\n<p>Envia un mensaje a nuestro centro Depilarte El Polo<\/p>\n<p>[\/et_pb_text][dvppl_cf7_styler use_form_button_fullwidth=\u00bbon\u00bb cf7=\u00bb3247&#8243; form_field_height=\u00bb55px\u00bb form_field_spacing=\u00bb0px\u00bb _builder_version=\u00bb4.23.4&#8243; _module_preset=\u00bbdefault\u00bb global_colors_info=\u00bb{}\u00bb][\/dvppl_cf7_styler][\/et_pb_column][\/et_pb_row][\/et_pb_section][et_pb_section fb_built=\u00bb1&#8243; disabled_on=\u00bbon|on|on\u00bb admin_label=\u00bbLlama a biblioteca Whatsaap\u00bb _builder_version=\u00bb4.23.4&#8243; _module_preset=\u00bbdefault\u00bb custom_padding=\u00bb0px||0px||false|false\u00bb disabled=\u00bbon\u00bb locked=\u00bboff\u00bb global_colors_info=\u00bb{}\u00bb][et_pb_row _builder_version=\u00bb4.23.4&#8243; _module_preset=\u00bbdefault\u00bb custom_padding=\u00bb0px||0px||false|false\u00bb global_colors_info=\u00bb{}\u00bb][et_pb_column type=\u00bb4_4&#8243; _builder_version=\u00bb4.23.4&#8243; _module_preset=\u00bbdefault\u00bb global_colors_info=\u00bb{}\u00bb][et_pb_button button_text=\u00bbChat Directo\u00bb button_alignment=\u00bbcenter\u00bb _builder_version=\u00bb4.23.4&#8243; _module_preset=\u00bbdefault\u00bb custom_button=\u00bbon\u00bb button_text_color=\u00bbRGBA(255,255,255,0)\u00bb button_bg_color=\u00bbRGBA(255,255,255,0)\u00bb button_icon=\u00bb&#xf232;||fa||400&#8243; button_icon_placement=\u00bbleft\u00bb button_on_hover=\u00bboff\u00bb global_colors_info=\u00bb{}\u00bb][\/et_pb_button][\/et_pb_column][\/et_pb_row][\/et_pb_section][et_pb_section fb_built=\u00bb1&#8243; disabled_on=\u00bboff|on|on\u00bb admin_label=\u00bbWHATSAPP MOVIL\u00bb _builder_version=\u00bb4.23.1&#8243; _module_preset=\u00bbdefault\u00bb background_color=\u00bb#F4008F\u00bb positioning=\u00bbfixed\u00bb position_origin_f=\u00bbbottom_center\u00bb z_index=\u00bb99999999&#8243; min_height=\u00bb60px\u00bb height=\u00bb65px\u00bb custom_padding=\u00bb5px||7px||false|false\u00bb motion_trigger_start=\u00bbbottom\u00bb locked=\u00bboff\u00bb global_colors_info=\u00bb{}\u00bb][et_pb_row _builder_version=\u00bb4.23.1&#8243; _module_preset=\u00bbdefault\u00bb background_color=\u00bb#F4008F\u00bb z_index=\u00bb99999999&#8243; custom_margin=\u00bb|auto|-23px|auto||\u00bb custom_padding=\u00bb0px||0px||false|false\u00bb global_colors_info=\u00bb{}\u00bb][et_pb_column type=\u00bb4_4&#8243; _builder_version=\u00bb4.23.1&#8243; _module_preset=\u00bbdefault\u00bb z_index=\u00bb99999999&#8243; custom_padding=\u00bb0px||||false|false\u00bb global_colors_info=\u00bb{}\u00bb][dsm_button button_one_text=\u00bbCHAT DIRECTO\u00bb button_one_url_type=\u00bbwhatsapp\u00bb button_one_whatsapp_number=\u00bb+51923917808&#8243; button_alignment=\u00bbcenter\u00bb _builder_version=\u00bb4.23.4&#8243; _module_preset=\u00bbdefault\u00bb custom_button_one=\u00bbon\u00bb button_one_text_size=\u00bb23px\u00bb button_one_bg_color=\u00bbRGBA(255,255,255,0)\u00bb button_one_icon=\u00bb&#xf232;||fa||400&#8243; button_one_icon_color=\u00bb#ffffff\u00bb button_one_icon_placement=\u00bbleft\u00bb button_one_on_hover=\u00bboff\u00bb z_index=\u00bb99999999&#8243; custom_margin=\u00bb-6px||0px|25px|false|false\u00bb custom_padding=\u00bb3px||0px|||\u00bb global_colors_info=\u00bb{}\u00bb][\/dsm_button][\/et_pb_column][\/et_pb_row][\/et_pb_section][et_pb_section fb_built=\u00bb1&#8243; disabled_on=\u00bbon|off|off\u00bb admin_label=\u00bbWhatsapp Escritorio\u00bb _builder_version=\u00bb4.23.1&#8243; positioning=\u00bbnone\u00bb z_index=\u00bb1000000&#8243; custom_padding=\u00bb0px||0px||false|false\u00bb locked=\u00bboff\u00bb global_colors_info=\u00bb{}\u00bb][et_pb_row _builder_version=\u00bb4.22.2&#8243; _module_preset=\u00bbdefault\u00bb custom_padding=\u00bb0px||0px|||\u00bb global_colors_info=\u00bb{}\u00bb][et_pb_column type=\u00bb4_4&#8243; _builder_version=\u00bb4.22.2&#8243; _module_preset=\u00bbdefault\u00bb custom_padding=\u00bb0px||0px||false|false\u00bb global_colors_info=\u00bb{}\u00bb][et_pb_code disabled_on=\u00bbon|off|off\u00bb admin_label=\u00bbC\u00f3digo\u00bb _builder_version=\u00bb4.23.4&#8243; _module_preset=\u00bbdefault\u00bb z_index=\u00bb0&#8243; custom_margin=\u00bb-60px||||false|false\u00bb custom_padding=\u00bb||0px|||\u00bb global_colors_info=\u00bb{}\u00bb]<!-- Enlazar CSS Floating WhatsApp --><!-- [et_pb_line_break_holder] --><link rel=\"stylesheet\" href=\"https:\/\/rawcdn.githack.com\/jerfeson\/floating-whatsapp\/0310b4cd88e9e55dc637d1466670da26b645ae49\/floating-wpp.min.css\"><!-- [et_pb_line_break_holder] --><!-- [et_pb_line_break_holder] --><!-- Enlazar JS Floating WhatsApp --><!-- [et_pb_line_break_holder] --><script type=\"text\/javascript\" src=\"https:\/\/rawcdn.githack.com\/jerfeson\/floating-whatsapp\/0310b4cd88e9e55dc637d1466670da26b645ae49\/floating-wpp.min.js\"><\/script><!-- [et_pb_line_break_holder] --><!-- [et_pb_line_break_holder] --><\/p>\n<div id=\"WABoton\"><\/div>\n<p><!-- [et_pb_line_break_holder] --><!-- [et_pb_line_break_holder] --><!-- Inicializar librer\u00eda Floating WhatsApp  --><!-- [et_pb_line_break_holder] --><script><!-- [et_pb_line_break_holder] -->jQuery(document).ready(function($){<!-- [et_pb_line_break_holder] -->  $('#WABoton').floatingWhatsApp({<!-- [et_pb_line_break_holder] -->    phone: '+51923917808', \/\/ N\u00famero WhatsApp Business<!-- [et_pb_line_break_holder] -->    popupMessage: 'Hola ???? Como puedo ayudarte', \/\/ Mensaje pop up<!-- [et_pb_line_break_holder] -->    message: \"Hola...\", \/\/ Mensaje por defecto<!-- [et_pb_line_break_holder] -->    showPopup: true, \/\/ Habilita el pop up<!-- [et_pb_line_break_holder] -->    headerTitle: 'WhatsApp Chat', \/\/ T\u00edtulo del header<!-- [et_pb_line_break_holder] -->    headerColor: '#25D366', \/\/ Color del header<!-- [et_pb_line_break_holder] -->    buttonImage: '<img decoding=\"async\" src=\"https:\/\/rawcdn.githack.com\/rafaelbotazini\/floating-whatsapp\/3d18b26d5c7d430a1ab0b664f8ca6b69014aed68\/whatsapp.svg\" \/>', \/\/ Icono WhatsApp<!-- [et_pb_line_break_holder] -->    size: '72px', \/\/ Tama\u00f1o del icono<!-- [et_pb_line_break_holder] -->    \/\/backgroundColor: '#00000', \/\/ Color de fondo del bot\u00f3n<!-- [et_pb_line_break_holder] -->    position: \"right\", \/\/ Posici\u00f3n del icono<!-- [et_pb_line_break_holder] -->    avatar: 'https:\/\/www.depilarte.co\/peru\/wp-content\/uploads\/2023\/11\/Diseno-sin-titulo-2023-10-31T224420.696.png', \/\/ URL imagen avatar<!-- [et_pb_line_break_holder] -->    avatarName: 'Depilarte', \/\/ Nombre del avatar<!-- [et_pb_line_break_holder] -->    avatarRole: 'El Polo', \/\/ Rol del avatar<!-- [et_pb_line_break_holder] -->    autoOpenTimeout: 16000,<!-- [et_pb_line_break_holder] -->    zIndex: '9999999',<!-- [et_pb_line_break_holder] -->  });<!-- [et_pb_line_break_holder] -->});<!-- [et_pb_line_break_holder] --><\/script>[\/et_pb_code][\/et_pb_column][\/et_pb_row][\/et_pb_section]<\/p>\n","protected":false},"excerpt":{"rendered":"<p>DepilarteEl PoloDisfruta de lo mejor de la depilaci\u00f3n l\u00e1ser en Santiado de Surco con tecnolog\u00eda AFTEncuentranos en la Av. El Polo 670 tienda A203, CC El Polo II\u00a1Ll\u00e1manos al 923917808!\u00a0Conoce m\u00e1s acerca de Depilarte El Polo Disfruta de la mejor depilaci\u00f3n l\u00e1ser en Santiago de Surco con tecnolog\u00eda AFT en Depilarte El Polo. Nuestro centro se une a la red de franquicias Depilarte con presencia en 6 paises con mas de 95 centros especializados. En Depilarte El Polo adem\u00e1s de poder encontrar lo mejor en depilaci\u00f3n l\u00e1ser en Santiago de Surco, con nuestra tecnolog\u00eda AFT puedes tener tu piel siempre linda para cualquier ocasi\u00f3n. Podr\u00e1s disfrutar de rejuvenecimiento facial, desvanecimiento de manchas y acne leve. Nuestros tratamientos los puedes disfrutar con nuestra tarifa desde S\/49. Nuestras puertas est\u00e1n abiertas para que tu piel est\u00e9 siempre linda. Puedes reservar tu cita con una llamada, un mensaje privado o un WhatsApp. Te esperamos en el C.C. El Polo para que disfrutes de la mejor depilaci\u00f3n l\u00e1ser en Santiago de Surco.Descubre Nuestra Ubicaci\u00f3n en el Mapa<div class=\"et_pb_module dsm_embed_google_map dsm_embed_google_map_0\">\n\t\t\t\t\n\t\t\t\t\n\t\t\t\t\n\t\t\t\t\n\t\t\t\t\n\t\t\t\t\n\t\t\t\t<div class=\"et_pb_module_inner\">\n\t\t\t\t\t<iframe loading=\"lazy\" frameborder=\"0\" scrolling=\"no\" marginheight=\"0\" marginwidth=\"0\" referrerPolicy=\"no-referrer-when-downgrade\" src=\"https:\/\/maps.google.com\/maps?q=Depilarte%20el%20polo%20peru&amp;t=m&amp;z=10&amp;output=embed&amp;iwloc=near&hl=es_ES\" aria-label=\"Depilarte el polo peru\"><\/iframe>\n\t\t\t\t<\/div>\n\t\t\t<\/div>Horario de Atenci\u00f3n<div class=\"et_pb_module dsm_business_hours dsm_business_hours_0\">\n\t\t\t\t\n\t\t\t\t\n\t\t\t\t\n\t\t\t\t\n\t\t\t\t\n\t\t\t\t\n\t\t\t\t<div class=\"et_pb_module_inner\">\n\t\t\t\t\t\n\t\t\t\t<\/div>\n\t\t\t<\/div><div class=\"et_pb_module dsm_business_hours_child dsm_business_hours_child_0\">\n\t\t\t\t\n\t\t\t\t\n\t\t\t\t\n\t\t\t\t\n\t\t\t\t\n\t\t\t\t\n\t\t\t\t<div class=\"et_pb_module_inner\">\n\t\t\t\t\t\n\t\t\t\n\t\t\t<div class=\"dsm_business_hours_item_wrapper\">\n\t\t\t\t<div class=\"dsm-business-hours-header\">\n\t\t\t\t\t<div class=\"dsm-business-hours-day\">Lunes<\/div>\n\t\t\t\t\t<div class=\"dsm-business-hours-separator\"><\/div>\n\t\t\t\t\t<div class=\"dsm-business-hours-time\">8:00 AM -7:00 PM<\/div>\n\t\t\t\t<\/div>\n\t\t\t<\/div>\n\t\t\t\t<\/div>\n\t\t\t<\/div><div class=\"et_pb_module dsm_business_hours_child dsm_business_hours_child_1\">\n\t\t\t\t\n\t\t\t\t\n\t\t\t\t\n\t\t\t\t\n\t\t\t\t\n\t\t\t\t\n\t\t\t\t<div class=\"et_pb_module_inner\">\n\t\t\t\t\t\n\t\t\t\n\t\t\t<div class=\"dsm_business_hours_item_wrapper\">\n\t\t\t\t<div class=\"dsm-business-hours-header\">\n\t\t\t\t\t<div class=\"dsm-business-hours-day\">Monday<\/div>\n\t\t\t\t\t<div class=\"dsm-business-hours-separator\"><\/div>\n\t\t\t\t\t<div class=\"dsm-business-hours-time\">9:00 AM - 6:00 PM<\/div>\n\t\t\t\t<\/div>\n\t\t\t<\/div>\n\t\t\t\t<\/div>\n\t\t\t<\/div><\/p>\n","protected":false},"author":1,"featured_media":0,"comment_status":"open","ping_status":"open","sticky":false,"template":"","format":"standard","meta":{"_et_pb_use_builder":"on","_et_pb_old_content":"","_et_gb_content_width":"2880","inline_featured_image":false,"footnotes":""},"categories":[29],"tags":[],"class_list":["post-3353","post","type-post","status-publish","format-standard","hentry","category-surco"],"yoast_head":"<!-- This site is optimized with the Yoast SEO plugin v24.0 - https:\/\/yoast.com\/wordpress\/plugins\/seo\/ -->\n<title>Depilarte El Polo, Depilacion Laser AFT en Santiago de Surco<\/title>\n<meta name=\"description\" content=\"Disfruta la mejor Depilaci\u00f3n L\u00e1ser en Santiago de Surco con tencnolog\u00eea AFT en Depilarte El Polo, en el Centro Comercial El Polo II\" \/>\n<meta name=\"robots\" content=\"index, follow, max-snippet:-1, max-image-preview:large, max-video-preview:-1\" \/>\n<link rel=\"canonical\" href=\"https:\/\/www.depilarte.co\/peru\/centros\/surco\/el-polo\/\" \/>\n<meta property=\"og:locale\" content=\"es_ES\" \/>\n<meta property=\"og:type\" content=\"article\" \/>\n<meta property=\"og:title\" content=\"Depilarte El Polo, Depilacion Laser AFT en Santiago de Surco\" \/>\n<meta property=\"og:description\" content=\"Disfruta la mejor Depilaci\u00f3n L\u00e1ser en Santiago de Surco con tencnolog\u00eea AFT en Depilarte El Polo, en el Centro Comercial El Polo II\" \/>\n<meta property=\"og:url\" content=\"https:\/\/www.depilarte.co\/peru\/centros\/surco\/el-polo\/\" \/>\n<meta property=\"og:site_name\" content=\"Depilarte Peru\" \/>\n<meta property=\"article:published_time\" content=\"2024-01-10T01:46:46+00:00\" \/>\n<meta property=\"article:modified_time\" content=\"2024-12-10T18:53:20+00:00\" \/>\n<meta property=\"og:image\" content=\"https:\/\/rawcdn.githack.com\/rafaelbotazini\/floating-whatsapp\/3d18b26d5c7d430a1ab0b664f8ca6b69014aed68\/whatsapp.svg\" \/>\n<meta name=\"author\" content=\"csujap\" \/>\n<meta name=\"twitter:card\" content=\"summary_large_image\" \/>\n<meta name=\"twitter:label1\" content=\"Escrito por\" \/>\n\t<meta name=\"twitter:data1\" content=\"csujap\" \/>\n\t<meta name=\"twitter:label2\" content=\"Tiempo de lectura\" \/>\n\t<meta name=\"twitter:data2\" content=\"2 minutos\" \/>\n<script type=\"application\/ld+json\" class=\"yoast-schema-graph\">{\"@context\":\"https:\/\/schema.org\",\"@graph\":[{\"@type\":\"WebPage\",\"@id\":\"https:\/\/www.depilarte.co\/peru\/centros\/surco\/el-polo\/\",\"url\":\"https:\/\/www.depilarte.co\/peru\/centros\/surco\/el-polo\/\",\"name\":\"Depilarte El Polo, Depilacion Laser AFT en Santiago de Surco\",\"isPartOf\":{\"@id\":\"https:\/\/www.depilarte.co\/peru\/#website\"},\"primaryImageOfPage\":{\"@id\":\"https:\/\/www.depilarte.co\/peru\/centros\/surco\/el-polo\/#primaryimage\"},\"image\":{\"@id\":\"https:\/\/www.depilarte.co\/peru\/centros\/surco\/el-polo\/#primaryimage\"},\"thumbnailUrl\":\"https:\/\/rawcdn.githack.com\/rafaelbotazini\/floating-whatsapp\/3d18b26d5c7d430a1ab0b664f8ca6b69014aed68\/whatsapp.svg\",\"datePublished\":\"2024-01-10T01:46:46+00:00\",\"dateModified\":\"2024-12-10T18:53:20+00:00\",\"author\":{\"@id\":\"https:\/\/www.depilarte.co\/peru\/#\/schema\/person\/d86ad41e3c27dbaa6fab16cc9b8d4643\"},\"description\":\"Disfruta la mejor Depilaci\u00f3n L\u00e1ser en Santiago de Surco con tencnolog\u00eea AFT en Depilarte El Polo, en el Centro Comercial El Polo II\",\"breadcrumb\":{\"@id\":\"https:\/\/www.depilarte.co\/peru\/centros\/surco\/el-polo\/#breadcrumb\"},\"inLanguage\":\"es\",\"potentialAction\":[{\"@type\":\"ReadAction\",\"target\":[\"https:\/\/www.depilarte.co\/peru\/centros\/surco\/el-polo\/\"]}]},{\"@type\":\"ImageObject\",\"inLanguage\":\"es\",\"@id\":\"https:\/\/www.depilarte.co\/peru\/centros\/surco\/el-polo\/#primaryimage\",\"url\":\"https:\/\/rawcdn.githack.com\/rafaelbotazini\/floating-whatsapp\/3d18b26d5c7d430a1ab0b664f8ca6b69014aed68\/whatsapp.svg\",\"contentUrl\":\"https:\/\/rawcdn.githack.com\/rafaelbotazini\/floating-whatsapp\/3d18b26d5c7d430a1ab0b664f8ca6b69014aed68\/whatsapp.svg\"},{\"@type\":\"BreadcrumbList\",\"@id\":\"https:\/\/www.depilarte.co\/peru\/centros\/surco\/el-polo\/#breadcrumb\",\"itemListElement\":[{\"@type\":\"ListItem\",\"position\":1,\"name\":\"Portada\",\"item\":\"https:\/\/www.depilarte.co\/peru\/\"},{\"@type\":\"ListItem\",\"position\":2,\"name\":\"Depilarte El Polo, Depilacion Laser AFT\"}]},{\"@type\":\"WebSite\",\"@id\":\"https:\/\/www.depilarte.co\/peru\/#website\",\"url\":\"https:\/\/www.depilarte.co\/peru\/\",\"name\":\"Depilarte Peru\",\"description\":\"Franquicia especializada en depilaci\u00f3n laser AFT\",\"potentialAction\":[{\"@type\":\"SearchAction\",\"target\":{\"@type\":\"EntryPoint\",\"urlTemplate\":\"https:\/\/www.depilarte.co\/peru\/?s={search_term_string}\"},\"query-input\":{\"@type\":\"PropertyValueSpecification\",\"valueRequired\":true,\"valueName\":\"search_term_string\"}}],\"inLanguage\":\"es\"},{\"@type\":\"Person\",\"@id\":\"https:\/\/www.depilarte.co\/peru\/#\/schema\/person\/d86ad41e3c27dbaa6fab16cc9b8d4643\",\"name\":\"csujap\",\"image\":{\"@type\":\"ImageObject\",\"inLanguage\":\"es\",\"@id\":\"https:\/\/www.depilarte.co\/peru\/#\/schema\/person\/image\/\",\"url\":\"https:\/\/secure.gravatar.com\/avatar\/fc0fb0f29763bd667747932f517adde8570580ba8ef951210f3260b6d102c19b?s=96&d=mm&r=g\",\"contentUrl\":\"https:\/\/secure.gravatar.com\/avatar\/fc0fb0f29763bd667747932f517adde8570580ba8ef951210f3260b6d102c19b?s=96&d=mm&r=g\",\"caption\":\"csujap\"},\"sameAs\":[\"https:\/\/www.depilarte.co\/peru_nueva\"],\"url\":\"https:\/\/www.depilarte.co\/peru\/author\/csujap\/\"}]}<\/script>\n<!-- \/ Yoast SEO plugin. -->","yoast_head_json":{"title":"Depilarte El Polo, Depilacion Laser AFT en Santiago de Surco","description":"Disfruta la mejor Depilaci\u00f3n L\u00e1ser en Santiago de Surco con tencnolog\u00eea AFT en Depilarte El Polo, en el Centro Comercial El Polo II","robots":{"index":"index","follow":"follow","max-snippet":"max-snippet:-1","max-image-preview":"max-image-preview:large","max-video-preview":"max-video-preview:-1"},"canonical":"https:\/\/www.depilarte.co\/peru\/centros\/surco\/el-polo\/","og_locale":"es_ES","og_type":"article","og_title":"Depilarte El Polo, Depilacion Laser AFT en Santiago de Surco","og_description":"Disfruta la mejor Depilaci\u00f3n L\u00e1ser en Santiago de Surco con tencnolog\u00eea AFT en Depilarte El Polo, en el Centro Comercial El Polo II","og_url":"https:\/\/www.depilarte.co\/peru\/centros\/surco\/el-polo\/","og_site_name":"Depilarte Peru","article_published_time":"2024-01-10T01:46:46+00:00","article_modified_time":"2024-12-10T18:53:20+00:00","og_image":[{"url":"https:\/\/rawcdn.githack.com\/rafaelbotazini\/floating-whatsapp\/3d18b26d5c7d430a1ab0b664f8ca6b69014aed68\/whatsapp.svg","type":"","width":"","height":""}],"author":"csujap","twitter_card":"summary_large_image","twitter_misc":{"Escrito por":"csujap","Tiempo de lectura":"2 minutos"},"schema":{"@context":"https:\/\/schema.org","@graph":[{"@type":"WebPage","@id":"https:\/\/www.depilarte.co\/peru\/centros\/surco\/el-polo\/","url":"https:\/\/www.depilarte.co\/peru\/centros\/surco\/el-polo\/","name":"Depilarte El Polo, Depilacion Laser AFT en Santiago de Surco","isPartOf":{"@id":"https:\/\/www.depilarte.co\/peru\/#website"},"primaryImageOfPage":{"@id":"https:\/\/www.depilarte.co\/peru\/centros\/surco\/el-polo\/#primaryimage"},"image":{"@id":"https:\/\/www.depilarte.co\/peru\/centros\/surco\/el-polo\/#primaryimage"},"thumbnailUrl":"https:\/\/rawcdn.githack.com\/rafaelbotazini\/floating-whatsapp\/3d18b26d5c7d430a1ab0b664f8ca6b69014aed68\/whatsapp.svg","datePublished":"2024-01-10T01:46:46+00:00","dateModified":"2024-12-10T18:53:20+00:00","author":{"@id":"https:\/\/www.depilarte.co\/peru\/#\/schema\/person\/d86ad41e3c27dbaa6fab16cc9b8d4643"},"description":"Disfruta la mejor Depilaci\u00f3n L\u00e1ser en Santiago de Surco con tencnolog\u00eea AFT en Depilarte El Polo, en el Centro Comercial El Polo II","breadcrumb":{"@id":"https:\/\/www.depilarte.co\/peru\/centros\/surco\/el-polo\/#breadcrumb"},"inLanguage":"es","potentialAction":[{"@type":"ReadAction","target":["https:\/\/www.depilarte.co\/peru\/centros\/surco\/el-polo\/"]}]},{"@type":"ImageObject","inLanguage":"es","@id":"https:\/\/www.depilarte.co\/peru\/centros\/surco\/el-polo\/#primaryimage","url":"https:\/\/rawcdn.githack.com\/rafaelbotazini\/floating-whatsapp\/3d18b26d5c7d430a1ab0b664f8ca6b69014aed68\/whatsapp.svg","contentUrl":"https:\/\/rawcdn.githack.com\/rafaelbotazini\/floating-whatsapp\/3d18b26d5c7d430a1ab0b664f8ca6b69014aed68\/whatsapp.svg"},{"@type":"BreadcrumbList","@id":"https:\/\/www.depilarte.co\/peru\/centros\/surco\/el-polo\/#breadcrumb","itemListElement":[{"@type":"ListItem","position":1,"name":"Portada","item":"https:\/\/www.depilarte.co\/peru\/"},{"@type":"ListItem","position":2,"name":"Depilarte El Polo, Depilacion Laser AFT"}]},{"@type":"WebSite","@id":"https:\/\/www.depilarte.co\/peru\/#website","url":"https:\/\/www.depilarte.co\/peru\/","name":"Depilarte Peru","description":"Franquicia especializada en depilaci\u00f3n laser AFT","potentialAction":[{"@type":"SearchAction","target":{"@type":"EntryPoint","urlTemplate":"https:\/\/www.depilarte.co\/peru\/?s={search_term_string}"},"query-input":{"@type":"PropertyValueSpecification","valueRequired":true,"valueName":"search_term_string"}}],"inLanguage":"es"},{"@type":"Person","@id":"https:\/\/www.depilarte.co\/peru\/#\/schema\/person\/d86ad41e3c27dbaa6fab16cc9b8d4643","name":"csujap","image":{"@type":"ImageObject","inLanguage":"es","@id":"https:\/\/www.depilarte.co\/peru\/#\/schema\/person\/image\/","url":"https:\/\/secure.gravatar.com\/avatar\/fc0fb0f29763bd667747932f517adde8570580ba8ef951210f3260b6d102c19b?s=96&d=mm&r=g","contentUrl":"https:\/\/secure.gravatar.com\/avatar\/fc0fb0f29763bd667747932f517adde8570580ba8ef951210f3260b6d102c19b?s=96&d=mm&r=g","caption":"csujap"},"sameAs":["https:\/\/www.depilarte.co\/peru_nueva"],"url":"https:\/\/www.depilarte.co\/peru\/author\/csujap\/"}]}},"_links":{"self":[{"href":"https:\/\/www.depilarte.co\/peru\/wp-json\/wp\/v2\/posts\/3353","targetHints":{"allow":["GET"]}}],"collection":[{"href":"https:\/\/www.depilarte.co\/peru\/wp-json\/wp\/v2\/posts"}],"about":[{"href":"https:\/\/www.depilarte.co\/peru\/wp-json\/wp\/v2\/types\/post"}],"author":[{"embeddable":true,"href":"https:\/\/www.depilarte.co\/peru\/wp-json\/wp\/v2\/users\/1"}],"replies":[{"embeddable":true,"href":"https:\/\/www.depilarte.co\/peru\/wp-json\/wp\/v2\/comments?post=3353"}],"version-history":[{"count":0,"href":"https:\/\/www.depilarte.co\/peru\/wp-json\/wp\/v2\/posts\/3353\/revisions"}],"wp:attachment":[{"href":"https:\/\/www.depilarte.co\/peru\/wp-json\/wp\/v2\/media?parent=3353"}],"wp:term":[{"taxonomy":"category","embeddable":true,"href":"https:\/\/www.depilarte.co\/peru\/wp-json\/wp\/v2\/categories?post=3353"},{"taxonomy":"post_tag","embeddable":true,"href":"https:\/\/www.depilarte.co\/peru\/wp-json\/wp\/v2\/tags?post=3353"}],"curies":[{"name":"wp","href":"https:\/\/api.w.org\/{rel}","templated":true}]}}