{"id":228,"date":"2013-01-24T08:07:10","date_gmt":"2013-01-24T13:07:10","guid":{"rendered":"http:\/\/www.depilarte.co\/blog-depilarte\/?p=228"},"modified":"2024-05-15T08:24:48","modified_gmt":"2024-05-15T13:24:48","slug":"depilacion-definitiva-laser-ipl-y-medicinas-fotosensibles","status":"publish","type":"post","link":"https:\/\/www.depilarte.co\/blog-depilarte\/depilacion-definitiva-laser-ipl-y-medicinas-fotosensibles\/","title":{"rendered":"Depilaci\u00f3n Definitiva L\u00e1ser y Medicinas Fotosensibles"},"content":{"rendered":"<p style=\"text-align: justify;\">Ya hemos hablado de <span style=\"color: #008000;\"><a style=\"color: #008000;\" title=\"Consejos Antes y Despues\" href=\"https:\/\/www.depilarte.co\/blog-depilarte\/consejos-antes-y-despues-de-una-sesion-de-depilacion-definitiva\/\">algunos consejos<\/a><\/span> que debes tomar en cuenta al momento de asistir a tus tratamientos en Depilarte, esto pues debemos tener cuidado de proteger nuestra piel antes y\u00a0despu\u00e9s\u00a0de recibir las sesiones con <span style=\"color: #008000;\"><a style=\"color: #008000;\" title=\"Depilacion IPL\" href=\"https:\/\/www.depilarte.co\/venezuela\/depilacion-definitiva\/\" target=\"_blank\" rel=\"noopener noreferrer\">IPL\u00a0L\u00e1ser\u00a0Fr\u00edo<\/a><\/span> o con <span style=\"color: #008000;\"><a style=\"color: #008000;\" title=\"Depilaci\u00f3n AFT\" href=\"https:\/\/www.depilarte.co\/blog-depilarte\/depilacion-aft\/\" target=\"_blank\" rel=\"noopener noreferrer\">tecnolog\u00eda AFT<\/a><\/span>, hoy queremos ense\u00f1arles un cuidado extra que debemos tener al momento de comenzar nuestro tratamiento y es revisar las medicinas que estamos tomando en el momento.<\/p>\n<p>Ustedes se preguntaran, que tienen que ver las medicinas que pueda estar ingiriendo o aplicando localmente, con un tratamiento como es el de depilaci\u00f3n definitiva? La respuesta es que las medicinas tienden a tener diferentes efectos en nuestros cuerpo y existen ciertos tipos de medicinas las cuales hacen que nuestra piel sea m\u00e1s sensible a los rayos ultravioleta, al calor y en general a la luz, estas medicinas se conocen como Medicinas Fotosensibles. Aunque pudiera parecer como algo que solo \u00a0sucede a pocas personas, la verdad es que es un evento que ocurre muy frecuentemente en la poblaci\u00f3n y en la mayor\u00eda de las ocasiones la reacci\u00f3n de fotosensibilidad es confundida con alguna quemadura solar.<\/p>\n<figure id=\"attachment_230\" aria-describedby=\"caption-attachment-230\" style=\"width: 300px\" class=\"wp-caption alignright\"><img loading=\"lazy\" decoding=\"async\" class=\"size-medium wp-image-230\" src=\"http:\/\/www.depilarte.co\/blog-depilarte\/wp-content\/uploads\/2013\/01\/medium_3077556441-300x225.jpg\" alt=\"Medicinas Fotosensibles\" width=\"300\" height=\"225\" srcset=\"https:\/\/www.depilarte.co\/blog-depilarte\/wp-content\/uploads\/2013\/01\/medium_3077556441-300x225.jpg 300w, https:\/\/www.depilarte.co\/blog-depilarte\/wp-content\/uploads\/2013\/01\/medium_3077556441-400x300.jpg 400w, https:\/\/www.depilarte.co\/blog-depilarte\/wp-content\/uploads\/2013\/01\/medium_3077556441.jpg 500w\" sizes=\"(max-width: 300px) 100vw, 300px\" \/><figcaption id=\"caption-attachment-230\" class=\"wp-caption-text\">photo credit: higlu via <a href=\"http:\/\/photopin.com\">photopin<\/a> <a href=\"https:\/\/creativecommons.org\/licenses\/by-sa\/2.0\/\">cc<\/a><\/figcaption><\/figure>\n<p>Esta sensibilidad\u00a0 es producto de la combinaci\u00f3n\u00a0 entre los rayos ultravioleta y sustancias sensibles presentes \u00a0en la piel, que se encuentran all\u00ed por la aplicaci\u00f3n local de perfume, crema de uso est\u00e9tico o medicinales y la presencia de un medicamento en la\u00a0 sangre, como algunos antibi\u00f3ticos, antidepresivos, antiinflamatorios.<\/p>\n<p>En Depilarte queremos prevenir que alguno de nuestros pacientes pueda llegar tener alguna reacci\u00f3n de fotosensibilidad al momento de estar realizando su tratamiento, es por eso que les traemos una lista de algunos de los medicamentos que de estarlos consumiendo deber\u00edas abstenerte de comenzar tu tratamiento con Depilarte hasta que tu dermat\u00f3logo considere que es seguro.<\/p>\n<ul style=\"text-align: justify;\">\n<li><strong>Medicamentos que tratan la\u00a0Inflamaci\u00f3n, Dolor y Traumas:<\/strong>\n<ul>\n<li>Oxifenbutazona<\/li>\n<li>Piroxicam<\/li>\n<li>Naproxeno<\/li>\n<li>\u00c1c. Arilpropi\u00f3nico<\/li>\n<li>Fenilbutazona<\/li>\n<li>\u00c1c. Mefen\u00e1mico<\/li>\n<li>\u00c1c. Meclofen\u00e1mico<\/li>\n<li>Diclofenaco<\/li>\n<\/ul>\n<\/li>\n<\/ul>\n<ul style=\"text-align: justify;\">\n<li><strong>Medicamentos Diur\u00e9ticos:\u00a0Normalmente utilizados para la retenci\u00f3n de l\u00edquidos o la\u00a0Hipertensi\u00f3n<\/strong>\n<ul>\n<li>Bendroflumetiazida<\/li>\n<li>Hidroclorotiazida<\/li>\n<li>Furosemida<\/li>\n<\/ul>\n<\/li>\n<\/ul>\n<ul style=\"text-align: justify;\">\n<li>\n<figure id=\"attachment_229\" aria-describedby=\"caption-attachment-229\" style=\"width: 300px\" class=\"wp-caption alignright\"><img loading=\"lazy\" decoding=\"async\" class=\"size-medium wp-image-229\" src=\"http:\/\/www.depilarte.co\/blog-depilarte\/wp-content\/uploads\/2013\/01\/medium_1041311342-300x223.jpg\" alt=\"Medicamentos\" width=\"300\" height=\"223\" srcset=\"https:\/\/www.depilarte.co\/blog-depilarte\/wp-content\/uploads\/2013\/01\/medium_1041311342-300x223.jpg 300w, https:\/\/www.depilarte.co\/blog-depilarte\/wp-content\/uploads\/2013\/01\/medium_1041311342-403x300.jpg 403w, https:\/\/www.depilarte.co\/blog-depilarte\/wp-content\/uploads\/2013\/01\/medium_1041311342.jpg 500w\" sizes=\"(max-width: 300px) 100vw, 300px\" \/><figcaption id=\"caption-attachment-229\" class=\"wp-caption-text\">photo credit: aurelio.asiain via <a href=\"http:\/\/photopin.com\">photopin<\/a> <a href=\"https:\/\/creativecommons.org\/licenses\/by-sa\/2.0\/\">cc<\/a><\/figcaption><\/figure>\n<p><strong>Medicamentos Antibi\u00f3ticos:\u00a0Normalmente utilizados para tratar\u00a0Infecci\u00f3n\u00a0de bacterias y heridas<\/strong><\/p>\n<ul>\n<li>Tetraciclinas<\/li>\n<li>\u00c1c. Nalid\u00edxico<\/li>\n<li>Pirozinamida<\/li>\n<li>Ceftazimida<\/li>\n<li>Sulfamidas<\/li>\n<li>Fluoroquinolonas<\/li>\n<li>Isoniazida<\/li>\n<\/ul>\n<\/li>\n<\/ul>\n<ul style=\"text-align: justify;\">\n<li><strong>Medicamentos usados en procesos de Quimioterapia:<\/strong>\n<ul>\n<li>Vinblastina<\/li>\n<li>Dacarbazina<\/li>\n<li>5 fluorouracil<\/li>\n<li>Metotrexato<\/li>\n<\/ul>\n<\/li>\n<\/ul>\n<ul style=\"text-align: justify;\">\n<li><strong>Medicamentos Retinoides: Utilizados en tratamientos como el de Acne<\/strong>\n<ul>\n<li>Tretino\u00edna<\/li>\n<li>Isotretino\u00edna<\/li>\n<li>Roacutan<\/li>\n<li>Acitretina<\/li>\n<\/ul>\n<\/li>\n<\/ul>\n<ul style=\"text-align: justify;\">\n<li><strong>Medicamentos Antiinfecciosos: Utilizados para tratar Hongos<\/strong>\n<ul>\n<li>Ketoconazol<\/li>\n<li>Griseofulvina<\/li>\n<\/ul>\n<\/li>\n<\/ul>\n<ul style=\"text-align: justify;\">\n<li><strong>Medicamentos Psic\u00f3tropos:\u00a0Utilizados para tratar la ansiedad<\/strong>\n<ul>\n<li>Fenotiazinas<\/li>\n<li>Carbamazepina<\/li>\n<li>Antidepresivos tric\u00edclicos<\/li>\n<\/ul>\n<\/li>\n<\/ul>\n<p style=\"text-align: justify;\">Es importante que antes de comenzar tu tratamiento le comentes al personal de cada franquicia Depilarte en <span style=\"color: #008000;\"><a style=\"color: #008000;\" href=\"https:\/\/www.depilarte.co\/colombia\/centros\/\" target=\"_blank\" rel=\"noopener noreferrer\">Colombia<\/a><\/span>, <span style=\"color: #008000;\"><a style=\"color: #008000;\" href=\"https:\/\/www.depilarte.co\/venezuela\/centros\/\" target=\"_blank\" rel=\"noopener noreferrer\">Venezuela<\/a><\/span>, <span style=\"color: #008000;\"><a style=\"color: #008000;\" href=\"https:\/\/www.depilarte.com.ec\/centros\/\" target=\"_blank\" rel=\"noopener noreferrer\">Ecuador<\/a><\/span>, <span style=\"color: #008000;\"><a style=\"color: #008000;\" href=\"https:\/\/www.depilarte.co\/peru\/centros\/\" target=\"_blank\" rel=\"noopener noreferrer\">Per\u00fa<\/a><\/span>, <a href=\"https:\/\/www.depilarte.co\/dominicana\/centros\/\">Dominicana<\/a> o <span style=\"color: #008000;\"><a style=\"color: #008000;\" href=\"https:\/\/www.depilarte.co\/panama\/centros\/\" target=\"_blank\" rel=\"noopener noreferrer\">Panam\u00e1<\/a><\/span> si est\u00e1s consumiendo alguno de estos medicamentos.<\/p>\n<p style=\"text-align: justify;\">Otros\u00a0art\u00edculos\u00a0de\u00a0inter\u00e9s:<\/p>\n<p style=\"text-align: justify;\"><span style=\"color: #008000;\"><a style=\"color: #008000;\" title=\"La depilacion definitiva y el vello\" href=\"https:\/\/www.depilarte.co\/blog-depilarte\/depilacion-definitiva-y-el-vello\/\">La depilacion definitiva y el vello<\/a><\/span><\/p>\n","protected":false},"excerpt":{"rendered":"Ya hemos hablado de algunos consejos que debes tomar en cuenta al momento de asistir a tus tratamientos&hellip;\n","protected":false},"author":1,"featured_media":1223,"comment_status":"closed","ping_status":"closed","sticky":false,"template":"","format":"standard","meta":{"twitterCardType":"summary_large_image","cardImageID":0,"cardImage":"","cardTitle":"","cardDesc":"","cardImageAlt":"","cardPlayer":"","cardPlayerWidth":0,"cardPlayerHeight":0,"cardPlayerStream":"","cardPlayerCodec":"","footnotes":""},"categories":[5],"tags":[],"aioseo_notices":[],"_links":{"self":[{"href":"https:\/\/www.depilarte.co\/blog-depilarte\/wp-json\/wp\/v2\/posts\/228"}],"collection":[{"href":"https:\/\/www.depilarte.co\/blog-depilarte\/wp-json\/wp\/v2\/posts"}],"about":[{"href":"https:\/\/www.depilarte.co\/blog-depilarte\/wp-json\/wp\/v2\/types\/post"}],"author":[{"embeddable":true,"href":"https:\/\/www.depilarte.co\/blog-depilarte\/wp-json\/wp\/v2\/users\/1"}],"replies":[{"embeddable":true,"href":"https:\/\/www.depilarte.co\/blog-depilarte\/wp-json\/wp\/v2\/comments?post=228"}],"version-history":[{"count":23,"href":"https:\/\/www.depilarte.co\/blog-depilarte\/wp-json\/wp\/v2\/posts\/228\/revisions"}],"predecessor-version":[{"id":2805,"href":"https:\/\/www.depilarte.co\/blog-depilarte\/wp-json\/wp\/v2\/posts\/228\/revisions\/2805"}],"wp:featuredmedia":[{"embeddable":true,"href":"https:\/\/www.depilarte.co\/blog-depilarte\/wp-json\/wp\/v2\/media\/1223"}],"wp:attachment":[{"href":"https:\/\/www.depilarte.co\/blog-depilarte\/wp-json\/wp\/v2\/media?parent=228"}],"wp:term":[{"taxonomy":"category","embeddable":true,"href":"https:\/\/www.depilarte.co\/blog-depilarte\/wp-json\/wp\/v2\/categories?post=228"},{"taxonomy":"post_tag","embeddable":true,"href":"https:\/\/www.depilarte.co\/blog-depilarte\/wp-json\/wp\/v2\/tags?post=228"}],"curies":[{"name":"wp","href":"https:\/\/api.w.org\/{rel}","templated":true}]}}