{"id":1063,"date":"2014-06-12T21:47:51","date_gmt":"2014-06-13T02:47:51","guid":{"rendered":"http:\/\/www.depilarte.co\/blog-depilarte\/?p=1063"},"modified":"2024-05-15T09:24:58","modified_gmt":"2024-05-15T14:24:58","slug":"prevenir-los-vellos-encarnados","status":"publish","type":"post","link":"https:\/\/www.depilarte.co\/blog-depilarte\/prevenir-los-vellos-encarnados\/","title":{"rendered":"Prevenir los vellos encarnados"},"content":{"rendered":"<p style=\"text-align: justify;\">Si todav\u00eda no has tomado la decisi\u00f3n de comenzar tu tratamiento de depilaci\u00f3n definitiva con <span style=\"color: #008000;\"><a title=\"Depilacion Definitiva IPL\" href=\"https:\/\/www.depilarte.co\/venezuela\/depilacion-definitiva\/\" target=\"_blank\" rel=\"noopener noreferrer\"><span style=\"color: #008000;\">tecnolog\u00eda IPL<\/span><\/a><\/span> o <span style=\"color: #008000;\"><a title=\"Depilacion AFT\" href=\"https:\/\/www.depilarte.co\/colombia\/depilacion-laser-definitiva\/\" target=\"_blank\" rel=\"noopener noreferrer\"><span style=\"color: #008000;\">AFT<\/span><\/a> <\/span>o si lo est\u00e1s comenzando y le\u00edste nuestro art\u00edculo acerca de <span style=\"color: #008000;\"><a title=\"El Rasurado: importante para la depilaci\u00f3n l\u00e1ser con IPL\" href=\"https:\/\/www.depilarte.co\/blog-depilarte\/rasurado-para-depilacion-laser\/\" target=\"_blank\" rel=\"noopener noreferrer\"><span style=\"color: #008000;\">la importancia del afeitado en la depilaci\u00f3n<\/span><\/a><\/span>, el tema de los vellos encarnados es uno que probablemente te esta afectando. Es por eso que hoy queremos analizar y ofrecer consejos acerca del tema de los molestos e inc\u00f3modos vellos encarnados. Si utilizas cuchillas de afeitar para remover el vello de tu cuerpo es probable que hayas tenido la experiencia de tener que lidiar con los vellos encarnados. Los vellos encarnados suceden cuando un vello que ha sido afeitado est\u00e1 creciendo y se curva hacia la piel mientras lo hace, esto puede llegar a ser bastante doloroso. En el peor de los casos los vellos encarnados pueden generar infecciones como la <span style=\"color: #008000;\"><a title=\"\u00bfQu\u00e9 es la Foliculitis?\" href=\"https:\/\/www.depilarte.co\/blog-depilarte\/que-es-la-foliculitis\/\" target=\"_blank\" rel=\"noopener noreferrer\"><span style=\"color: #008000;\">foliculitis<\/span><\/a><\/span>. Hoy tenemos para ustedes 7 consejos pr\u00e1cticos que pueden seguir para que puedan evitar la aparici\u00f3n de vellos encarnados y si aparecen puedan tratarlos apropiadamente:<\/p>\n<figure id=\"attachment_1064\" aria-describedby=\"caption-attachment-1064\" style=\"width: 240px\" class=\"wp-caption alignright\"><a href=\"http:\/\/www.depilarte.co\/blog-depilarte\/wp-content\/uploads\/2014\/06\/small_4137915935.jpg\"><img loading=\"lazy\" decoding=\"async\" class=\"size-full wp-image-1064\" src=\"http:\/\/www.depilarte.co\/blog-depilarte\/wp-content\/uploads\/2014\/06\/small_4137915935.jpg\" alt=\"Previniendo los vellos encarnados\" width=\"240\" height=\"135\" \/><\/a><figcaption id=\"caption-attachment-1064\" class=\"wp-caption-text\">Humecta tu piel: juhansonin via <a href=\"http:\/\/photopin.com\">photopin<\/a> <a href=\"https:\/\/creativecommons.org\/licenses\/by-sa\/2.0\/\">cc<\/a><\/figcaption><\/figure>\n<p style=\"text-align: justify;\">1. Cuando utilices\u00a0cuchillas de afeitar, al momento de realizar el afeitado hazlo en sentido del crecimiento del vello, no en contra. Esto ayuda a que los vellos que vienen creciendo tengan menos riesgo de crecer hacia adentro y encarnarse.<\/p>\n<p style=\"text-align: justify;\">2. Afeitate con m\u00e1s frecuencia, todos los d\u00edas para que se reduzca la posibilidad de desarrollar vellos encarnados<\/p>\n<p style=\"text-align: justify;\">3. Antes de afeitarte humedece tu piel con agua tibia, esto te ayudar\u00e1 a abrir los poros y que exista menos riesgo. Tambi\u00e9n es recomendable utilizar alg\u00fan tipo de gel o crema humectante antes de afeitar la zona, se recomienda el <span style=\"color: #008000;\"><a title=\"Beneficios del Gel de Sabila\" href=\"https:\/\/www.depilarte.co\/blog-depilarte\/beneficios-gel-sabila\/\" target=\"_blank\" rel=\"noopener noreferrer\"><span style=\"color: #008000;\">gel de s\u00e1bila<\/span><\/a><\/span> por sus cualidades.<\/p>\n<p style=\"text-align: justify;\">4. Utiliza una cuchilla de afeitar nueva cada vez que puedas, si es posible cambiarla despu\u00e9s de dos o tres afeitadas. Las cuchillas pierden su filo y causan m\u00e1s da\u00f1o en tu piel cuando las usas.<\/p>\n<p style=\"text-align: justify;\">5. Si descubres alg\u00fan vello encarnado es importante prevenir una infecci\u00f3n, te recomendamos lavar la zona con jab\u00f3n antibacterial varias veces al dia \u00a0y no te afeitar la zona por un par de d\u00edas como m\u00ednimo.<\/p>\n<figure id=\"attachment_1065\" aria-describedby=\"caption-attachment-1065\" style=\"width: 300px\" class=\"wp-caption alignright\"><a href=\"http:\/\/www.depilarte.co\/blog-depilarte\/wp-content\/uploads\/2014\/06\/origin_489123053.jpg\"><img loading=\"lazy\" decoding=\"async\" class=\"size-medium wp-image-1065\" src=\"http:\/\/www.depilarte.co\/blog-depilarte\/wp-content\/uploads\/2014\/06\/origin_489123053-300x205.jpg\" alt=\"Prevenir los vellos encarnados\" width=\"300\" height=\"205\" srcset=\"https:\/\/www.depilarte.co\/blog-depilarte\/wp-content\/uploads\/2014\/06\/origin_489123053-300x205.jpg 300w, https:\/\/www.depilarte.co\/blog-depilarte\/wp-content\/uploads\/2014\/06\/origin_489123053-1024x702.jpg 1024w, https:\/\/www.depilarte.co\/blog-depilarte\/wp-content\/uploads\/2014\/06\/origin_489123053.jpg 1167w\" sizes=\"(max-width: 300px) 100vw, 300px\" \/><\/a><figcaption id=\"caption-attachment-1065\" class=\"wp-caption-text\">photo credit: greg.turner via <a href=\"http:\/\/photopin.com\">photopin<\/a> <a href=\"https:\/\/creativecommons.org\/licenses\/by-sa\/2.0\/\">cc<\/a><\/figcaption><\/figure>\n<p style=\"text-align: justify;\">6. En caso de que desees sacar el vello encarnado suavemente, puedes intentar hacerlo utilizando una pinza esterilizada, es importante que no lastimes tu piel. Si el vello no sale f\u00e1cilmente, te recomendamos que apliques calor h\u00famedo en la zona, por ejemplo utilizando una toalla caliente e intentalo de nuevo el d\u00eda siguiente. (Si en ese momento ya has comenzado tu tratamiento de depilaci\u00f3n definitiva evita usar pinzas para remover los vellos)<\/p>\n<p style=\"text-align: justify;\">7. Si observas que el vello encarnado se ha infectado te recomendamos visitar a tu dermat\u00f3logo, es importante evitar a toda costa que la infecci\u00f3n empeore, es probable que el te ayude a retirarlo y te recomiende la utilizaci\u00f3n de alg\u00fan tipo de crema para curar tu piel.<\/p>\n<p style=\"text-align: justify;\">Espero que este art\u00edculo sea de utilidad para ayudarles a prevenir y tratar los vellos encarnados, siempre lo m\u00e1s importante es la salud de nuestra piel. Si tienen alguna recomendaci\u00f3n adicional los invitamos a que la compartan en la secci\u00f3n de comentarios para enriquecer nuestra gu\u00eda.<\/p>\n<p>Si est\u00e1s interesado en iniciar un tratamiento de depilaci\u00f3n definitiva en Depilarte puedes hacerlo en cualquiera de nuestros centros en <span style=\"color: #008000;\"><a style=\"color: #008000;\" href=\"https:\/\/www.depilarte.co\/dominicana\/\" target=\"_blank\" rel=\"noopener noreferrer\">Rep\u00fablica Dominicana<\/a><\/span>,\u00a0<span style=\"color: #008000;\"><a style=\"color: #008000;\" href=\"https:\/\/www.depilarte.co\/colombia\/\" target=\"_blank\" rel=\"noopener noreferrer\">Colombia<\/a><\/span>, <span style=\"color: #008000;\"><a style=\"color: #008000;\" href=\"https:\/\/www.depilarte.co\/venezuela\/\" target=\"_blank\" rel=\"noopener noreferrer\">Venezuela<\/a><\/span>, <span style=\"color: #008000;\"><a style=\"color: #008000;\" href=\"https:\/\/www.depilarte.com.ec\/\" target=\"_blank\" rel=\"noopener noreferrer\">Ecuador<\/a><\/span>, <span style=\"color: #008000;\"><a style=\"color: #008000;\" href=\"https:\/\/www.depilarte.co\/peru\/depilacion-laser-aft\/\" target=\"_blank\" rel=\"noopener noreferrer\">Per\u00fa<\/a><\/span> o <span style=\"color: #008000;\"><a style=\"color: #008000;\" href=\"https:\/\/www.depilarte.co\/panama\/centros\/\" target=\"_blank\" rel=\"noopener noreferrer\">Panam\u00e1<\/a><\/span>.<\/p>\n","protected":false},"excerpt":{"rendered":"Si todav\u00eda no has tomado la decisi\u00f3n de comenzar tu tratamiento de depilaci\u00f3n definitiva con tecnolog\u00eda IPL o&hellip;\n","protected":false},"author":1,"featured_media":1253,"comment_status":"open","ping_status":"closed","sticky":false,"template":"","format":"standard","meta":{"twitterCardType":"summary_large_image","cardImageID":0,"cardImage":"","cardTitle":"","cardDesc":"","cardImageAlt":"","cardPlayer":"","cardPlayerWidth":0,"cardPlayerHeight":0,"cardPlayerStream":"","cardPlayerCodec":"","footnotes":""},"categories":[5],"tags":[],"aioseo_notices":[],"_links":{"self":[{"href":"https:\/\/www.depilarte.co\/blog-depilarte\/wp-json\/wp\/v2\/posts\/1063"}],"collection":[{"href":"https:\/\/www.depilarte.co\/blog-depilarte\/wp-json\/wp\/v2\/posts"}],"about":[{"href":"https:\/\/www.depilarte.co\/blog-depilarte\/wp-json\/wp\/v2\/types\/post"}],"author":[{"embeddable":true,"href":"https:\/\/www.depilarte.co\/blog-depilarte\/wp-json\/wp\/v2\/users\/1"}],"replies":[{"embeddable":true,"href":"https:\/\/www.depilarte.co\/blog-depilarte\/wp-json\/wp\/v2\/comments?post=1063"}],"version-history":[{"count":9,"href":"https:\/\/www.depilarte.co\/blog-depilarte\/wp-json\/wp\/v2\/posts\/1063\/revisions"}],"predecessor-version":[{"id":2830,"href":"https:\/\/www.depilarte.co\/blog-depilarte\/wp-json\/wp\/v2\/posts\/1063\/revisions\/2830"}],"wp:featuredmedia":[{"embeddable":true,"href":"https:\/\/www.depilarte.co\/blog-depilarte\/wp-json\/wp\/v2\/media\/1253"}],"wp:attachment":[{"href":"https:\/\/www.depilarte.co\/blog-depilarte\/wp-json\/wp\/v2\/media?parent=1063"}],"wp:term":[{"taxonomy":"category","embeddable":true,"href":"https:\/\/www.depilarte.co\/blog-depilarte\/wp-json\/wp\/v2\/categories?post=1063"},{"taxonomy":"post_tag","embeddable":true,"href":"https:\/\/www.depilarte.co\/blog-depilarte\/wp-json\/wp\/v2\/tags?post=1063"}],"curies":[{"name":"wp","href":"https:\/\/api.w.org\/{rel}","templated":true}]}}